{"id":143,"date":"2022-07-29T22:56:29","date_gmt":"2022-07-29T19:56:29","guid":{"rendered":"https:\/\/tahtafikiredebiyat.net\/?p=143"},"modified":"2022-07-29T22:56:30","modified_gmt":"2022-07-29T19:56:30","slug":"yabanci-muhammet-emin-sagir","status":"publish","type":"post","link":"https:\/\/tahtafikiredebiyat.net\/index.php\/2022\/07\/29\/yabanci-muhammet-emin-sagir\/","title":{"rendered":"YABANCI &#8211; Muhammet Emin SA\u011eIR"},"content":{"rendered":"\n<p>Sessiz bir sokakta yava\u015f\u00e7a y\u00fcr\u00fcyordu<\/p>\n\n\n\n<p>Kendine i\u00e7ten yersiz sualler soruyordu<\/p>\n\n\n\n<p>R\u00fczgarl\u0131 \u0131slak hava, mevsim sonbahard\u0131<\/p>\n\n\n\n<p>Kafas\u0131nda savrulmu\u015f d\u00fc\u015f\u00fcnceler vard\u0131<\/p>\n\n\n\n<p>Bazen \u00fc\u015f\u00fcr gibi, bazen g\u00fcne\u015f yak\u0131yordu<\/p>\n\n\n\n<p>Y\u00fcr\u00fcrken tuhaf tuhaf etrafa bak\u0131yordu<\/p>\n\n\n\n<p>Unutmu\u015f gibiydi sanki nereye gitti\u011fini<\/p>\n\n\n\n<p>Farkeder gibi bir an \u00f6mr\u00fcn\u00fcn bitti\u011fini<\/p>\n\n\n\n<p>Dar sokaklar yollar akar caddeye do\u011fru<\/p>\n\n\n\n<p>O durur her \u015fey gider bir raddeye do\u011fru<\/p>\n\n\n\n<p>D\u00fc\u015f\u00fcnceler akt\u0131k\u00e7a raydan \u00e7\u0131kar zihninde<\/p>\n\n\n\n<p>Ger\u00e7ekten kopar ya\u015far gider vehminde<\/p>\n\n\n\n<p>D\u00fcn gibi gelir de akl\u0131na en eski hat\u0131ras\u0131<\/p>\n\n\n\n<p>Anlamaz bug\u00fcn olan bitenin nedir manas\u0131<\/p>\n\n\n\n<p>Sokaklar sessiz sokaklar issiz kimsesiz<\/p>\n\n\n\n<p>Sokakta hadiseler maksats\u0131z mesnetsiz<\/p>\n\n\n\n<p>Yolda bazen \u00e7ukurlar, eskimi\u015f kald\u0131r\u0131mlar<\/p>\n\n\n\n<p>Evler pencereler arkas\u0131 me\u00e7hul duvarlar<\/p>\n\n\n\n<p>Bulutlar aras\u0131nda g\u00f6r\u00fcn\u00fcr soluk g\u00f6ky\u00fcz\u00fc<\/p>\n\n\n\n<p>Ve bir d\u00fckkan cam\u0131nda g\u00f6rd\u00fc o tuhaf y\u00fcz\u00fc<\/p>\n\n\n\n<p>\u0130rkildi \u00e7\u00fcnk\u00fc y\u00fcz onun camdaki sil\u00fcetidir<\/p>\n\n\n\n<p>Y\u00fcz, o g\u00f6zler o ka\u015flar bu onun suretidir<\/p>\n\n\n\n<p>\u015e\u00fcpheye d\u00fc\u015f\u00fcp kald\u0131 tan\u0131mad\u0131 kendini<\/p>\n\n\n\n<p>Ne bilsede kendinde bilmez idi fendini<\/p>\n\n\n\n<p>Onca y\u0131ll\u0131k kendisi yabanc\u0131 g\u00f6r\u00fcnm\u00fc\u015ft\u00fc<\/p>\n\n\n\n<p>Unutup da kendini \u00f6z\u00fcnden mi d\u00f6nm\u00fc\u015ft\u00fc<\/p>\n\n\n\n<p>O y\u00fczde yans\u0131yan his bitmez bir \u00f6fke miydi<\/p>\n\n\n\n<p>\u00c7ehredeki duygu ne anlam ne mana neydi<\/p>\n\n\n\n<p>Hi\u00e7 g\u00f6rmedi kendini b\u00f6yle bir hal i\u00e7inde<\/p>\n\n\n\n<p>Nedir onda bilinmez, ne var onun i\u00e7inde<\/p>\n\n\n\n<p>Yaln\u0131z bir an bak\u0131p d\u00f6nd\u00fc yoluna do\u011fru<\/p>\n\n\n\n<p>Ne garip his, i\u00e7inde bir ba\u015fkas\u0131 var, do\u011fru<\/p>\n\n\n\n<p>Ne hayaldir bu, ne sanr\u0131d\u0131r, ne hezeyand\u0131r<\/p>\n\n\n\n<p>Ger\u00e7e\u011fi g\u00f6rd\u00fc adam, i\u015fte ger\u00e7ek o and\u0131r&#8230;<\/p>\n\n\n\n<p><\/p>\n\n\n\n<p>Foto\u011fraf: K\u00fcbra ATA\u015e<\/p>\n","protected":false},"excerpt":{"rendered":"<p>Sessiz bir sokakta yava\u015f\u00e7a y\u00fcr\u00fcyordu Kendine i\u00e7ten yersiz sualler soruyordu R\u00fczgarl\u0131 \u0131slak hava, mevsim sonbahard\u0131 Kafas\u0131nda savrulmu\u015f d\u00fc\u015f\u00fcnceler vard\u0131 Bazen \u00fc\u015f\u00fcr gibi, bazen g\u00fcne\u015f yak\u0131yordu Y\u00fcr\u00fcrken tuhaf tuhaf etrafa bak\u0131yordu Unutmu\u015f gibiydi sanki nereye gitti\u011fini Farkeder gibi bir an \u00f6mr\u00fcn\u00fcn bitti\u011fini Dar sokaklar yollar akar caddeye do\u011fru O durur her \u015fey gider bir raddeye do\u011fru [&hellip;]<\/p>\n","protected":false},"author":1,"featured_media":144,"comment_status":"open","ping_status":"open","sticky":false,"template":"","format":"standard","meta":{"om_disable_all_campaigns":false,"_monsterinsights_skip_tracking":false,"_monsterinsights_sitenote_active":false,"_monsterinsights_sitenote_note":"","_monsterinsights_sitenote_category":0,"_themeisle_gutenberg_block_has_review":false,"footnotes":""},"categories":[3],"tags":[],"class_list":["post-143","post","type-post","status-publish","format-standard","has-post-thumbnail","hentry","category-siir"],"aioseo_notices":[],"jetpack_featured_media_url":"https:\/\/tahtafikiredebiyat.net\/wp-content\/uploads\/2022\/07\/WhatsApp-Image-2022-07-29-at-22.55.04.jpeg","_links":{"self":[{"href":"https:\/\/tahtafikiredebiyat.net\/index.php\/wp-json\/wp\/v2\/posts\/143","targetHints":{"allow":["GET"]}}],"collection":[{"href":"https:\/\/tahtafikiredebiyat.net\/index.php\/wp-json\/wp\/v2\/posts"}],"about":[{"href":"https:\/\/tahtafikiredebiyat.net\/index.php\/wp-json\/wp\/v2\/types\/post"}],"author":[{"embeddable":true,"href":"https:\/\/tahtafikiredebiyat.net\/index.php\/wp-json\/wp\/v2\/users\/1"}],"replies":[{"embeddable":true,"href":"https:\/\/tahtafikiredebiyat.net\/index.php\/wp-json\/wp\/v2\/comments?post=143"}],"version-history":[{"count":1,"href":"https:\/\/tahtafikiredebiyat.net\/index.php\/wp-json\/wp\/v2\/posts\/143\/revisions"}],"predecessor-version":[{"id":145,"href":"https:\/\/tahtafikiredebiyat.net\/index.php\/wp-json\/wp\/v2\/posts\/143\/revisions\/145"}],"wp:featuredmedia":[{"embeddable":true,"href":"https:\/\/tahtafikiredebiyat.net\/index.php\/wp-json\/wp\/v2\/media\/144"}],"wp:attachment":[{"href":"https:\/\/tahtafikiredebiyat.net\/index.php\/wp-json\/wp\/v2\/media?parent=143"}],"wp:term":[{"taxonomy":"category","embeddable":true,"href":"https:\/\/tahtafikiredebiyat.net\/index.php\/wp-json\/wp\/v2\/categories?post=143"},{"taxonomy":"post_tag","embeddable":true,"href":"https:\/\/tahtafikiredebiyat.net\/index.php\/wp-json\/wp\/v2\/tags?post=143"}],"curies":[{"name":"wp","href":"https:\/\/api.w.org\/{rel}","templated":true}]}}